[{"@context":"https:\/\/schema.org\/","@type":"Article","@id":"https:\/\/www.abnote.cz\/stylovy-design\/#Article","mainEntityOfPage":"https:\/\/www.abnote.cz\/stylovy-design\/","headline":"Stylov\u00fd design","name":"Stylov\u00fd design","description":"N\u011bkdy se zd\u00e1 \u010dlov\u011bku velice n\u00e1ro\u010dn\u00e9, aby to doma m\u011bl kr\u00e1sn\u00e9. I kdy\u017e mnoho lid\u00ed si mysl\u00ed, \u017ee ud\u011blat interi\u00e9r na vlastn\u00ed p\u011bst a podle vlastn\u00edho uv\u00e1\u017een\u00ed, \u017ee je to jednoduch\u00e9, ale ve v\u011bt\u0161in\u011b p\u0159\u00edpad\u016f opak b\u00fdv\u00e1 pravdou. J\u00e1 sama jsem si \u0159ekla, \u017ee kdyby tohle z\u00e1le\u017eelo na mn\u011b, \u017ee","datePublished":"2025-12-02","dateModified":"2025-12-02","author":{"@type":"Person","@id":"https:\/\/www.abnote.cz\/author\/#Person","name":"","url":"https:\/\/www.abnote.cz\/author\/","identifier":1,"image":{"@type":"ImageObject","@id":"https:\/\/secure.gravatar.com\/avatar\/9d25b0af9840660883a67790aa4f595ddc226aa4680c4cf7bc03a25c14fcef85?s=96&d=mm&r=g","url":"https:\/\/secure.gravatar.com\/avatar\/9d25b0af9840660883a67790aa4f595ddc226aa4680c4cf7bc03a25c14fcef85?s=96&d=mm&r=g","height":96,"width":96}},"publisher":{"@type":"Organization","name":"abnote.cz","logo":{"@type":"ImageObject","@id":"\/logo.png","url":"\/logo.png","width":600,"height":60}},"image":{"@type":"ImageObject","@id":"https:\/\/www.abnote.cz\/wp-content\/uploads\/chairs-2181968_640_6.jpg","url":"https:\/\/www.abnote.cz\/wp-content\/uploads\/chairs-2181968_640_6.jpg","height":0,"width":0},"url":"https:\/\/www.abnote.cz\/stylovy-design\/","about":["Zahrada a d\u016fm"],"wordCount":421,"articleBody":"   N\u011bkdy se zd\u00e1 \u010dlov\u011bku velice n\u00e1ro\u010dn\u00e9, aby to doma m\u011bl kr\u00e1sn\u00e9. I kdy\u017e mnoho lid\u00ed si mysl\u00ed, \u017ee ud\u011blat interi\u00e9r na vlastn\u00ed p\u011bst a podle vlastn\u00edho uv\u00e1\u017een\u00ed, \u017ee je to jednoduch\u00e9, ale ve v\u011bt\u0161in\u011b p\u0159\u00edpad\u016f opak b\u00fdv\u00e1 pravdou. J\u00e1 sama jsem si \u0159ekla, \u017ee kdyby tohle z\u00e1le\u017eelo na mn\u011b, \u017ee j\u00e1 osobn\u011b bych si po\u0159\u00eddila n\u011bjak\u00e9ho bytov\u00e9ho architekta nebo design\u00e9ra. Tak\u00e9 si mysl\u00edm, \u017ee pokud m\u00e1te na\u0161et\u0159en\u00e9 n\u011bjak\u00e9 pen\u00edze, tak podle m\u00e9ho n\u00e1zoru neud\u011bl\u00e1te chybu, kdy\u017e si objedn\u00e1te bytov\u00e9ho design\u00e9ra nebo architekta, m\u016f\u017eete se samoz\u0159ejm\u011b logicky tak\u00e9 pod\u00edvat do interi\u00e9rov\u00e9ho studia.Je to takov\u00fd kvalitn\u00ed showroom. Pokud i vy m\u00e1te z\u00e1jem se pod\u00edvat do interi\u00e9rov\u00e9ho studia, tak rozhodn\u011b nev\u00e1hejte. Nav\u00edc je opravdu skv\u011bl\u00e9, \u017ee vy si na internetu m\u016f\u017eete sehnat takov\u00e9 webov\u00e9 str\u00e1nky, kter\u00e9 v\u00e1m budou vyhovovat a kde si tak\u00e9 m\u016f\u017eete domluvit n\u011bjakou sch\u016fzku. Proto\u017ee kdy\u017e si domluv\u00edte sch\u016fzku do showroomu nebo do interi\u00e9rov\u00e9ho studia, tak samoz\u0159ejm\u011b, \u017ee ud\u011bl\u00e1te dob\u0159e. Podle m\u00e9ho n\u00e1zoru je nejlep\u0161\u00ed, pokud tam t\u0159eba zajdete i s n\u011bk\u00fdm, kdy\u017e si nebudete v\u011bd\u011bt rady, tak mo\u017en\u00e1, \u017ee v\u00e1\u0161 doprovod si bude v\u011bd\u011bt rady a tak\u00e9 v\u00e1m uk\u00e1\u017ee a \u0159ekne, co t\u0159eba pro v\u00e1s bude nejlep\u0161\u00ed.Nebo pokud chcete n\u011bco m\u00edt opravdu extra, tak bytov\u00fd design\u00e9r nebo architekt v\u00e1m s t\u00edm opravdu pom\u016f\u017ee. Moc r\u00e1d v\u00e1m pom\u016f\u017ee a tak\u00e9 uk\u00e1\u017ee, co bude nejlep\u0161\u00ed a co se k v\u00e1m dom\u016f bude hodit. Pokud m\u00e1te n\u011bjak\u00e9 fotografie va\u0161eho interi\u00e9ru, tak by nebylo na \u0161kodu, kdyby jste to tak\u00e9 uk\u00e1zali architekt\u016fm nebo design\u00e9rovi, proto\u017ee on potom na z\u00e1klad\u011b t\u011bchto preferenc\u00ed a na z\u00e1klad\u011b obr\u00e1zk\u016f m\u016f\u017ee ur\u010dit, co by pro v\u00e1s bylo nejlep\u0161\u00ed nebo co by se k v\u00e1m do interi\u00e9ru hodilo? Design, kter\u00fd napln\u00ed va\u0161e p\u0159edstavy Bydesign.cz bude ur\u010dit\u011b podle va\u0161ich p\u0159edstav, pokud se u toho budete sna\u017eit. A pokud si nev\u00edte rady, tak nejlep\u0161\u00ed bude, kdy\u017e si zavol\u00e1te bytov\u00e9ho architekta nebo design\u00e9ra.                                                                                                                                                                                                                                                                                                                                                                                           4.5\/5 - (2 votes)        "},{"@context":"https:\/\/schema.org\/","@type":"BreadcrumbList","itemListElement":[{"@type":"ListItem","position":1,"name":"Stylov\u00fd design","item":"https:\/\/www.abnote.cz\/stylovy-design\/#breadcrumbitem"}]}]