[{"@context":"https:\/\/schema.org\/","@type":"Article","@id":"https:\/\/www.abnote.cz\/prima-zivot\/#Article","mainEntityOfPage":"https:\/\/www.abnote.cz\/prima-zivot\/","headline":"Prima \u017eivot","name":"Prima \u017eivot","description":"Mysl\u00edm si, \u017ee opravdu ka\u017ed\u00fd \u010dlov\u011bk m\u00e1 sv\u016fj \u017eivotn\u00ed styl. Sice ch\u00e1pu, \u017ee je to ka\u017ed\u00e9ho v\u011bc a ten druh\u00fd \u010dlov\u011bk nebo lid\u00e9 by to m\u011bli tolerovat, ale podle m\u00e9ho n\u00e1zoru, kdy\u017e je n\u011b\u010deho moc, tak je toho p\u0159\u00edli\u0161. Proto\u017ee m\u00e1m kamar\u00e1dku, kter\u00e1 je veganka a vegetari\u00e1nka. Mysl\u00edm si, \u017ee","datePublished":"2022-03-09","dateModified":"2023-05-07","author":{"@type":"Person","@id":"https:\/\/www.abnote.cz\/author\/#Person","name":"","url":"https:\/\/www.abnote.cz\/author\/","identifier":1,"image":{"@type":"ImageObject","@id":"https:\/\/secure.gravatar.com\/avatar\/9d25b0af9840660883a67790aa4f595ddc226aa4680c4cf7bc03a25c14fcef85?s=96&d=mm&r=g","url":"https:\/\/secure.gravatar.com\/avatar\/9d25b0af9840660883a67790aa4f595ddc226aa4680c4cf7bc03a25c14fcef85?s=96&d=mm&r=g","height":96,"width":96}},"publisher":{"@type":"Organization","name":"abnote.cz","logo":{"@type":"ImageObject","@id":"\/logo.png","url":"\/logo.png","width":600,"height":60}},"image":{"@type":"ImageObject","@id":"https:\/\/www.abnote.cz\/wp-content\/uploads\/hiker-918473_1920_1.jpg","url":"https:\/\/www.abnote.cz\/wp-content\/uploads\/hiker-918473_1920_1.jpg","height":0,"width":0},"url":"https:\/\/www.abnote.cz\/prima-zivot\/","about":["\u017divotn\u00ed styl"],"wordCount":434,"articleBody":"Mysl\u00edm si, \u017ee opravdu ka\u017ed\u00fd \u010dlov\u011bk m\u00e1 sv\u016fj \u017eivotn\u00ed styl. Sice ch\u00e1pu, \u017ee je to ka\u017ed\u00e9ho v\u011bc a ten druh\u00fd \u010dlov\u011bk nebo lid\u00e9 by to m\u011bli tolerovat, ale podle m\u00e9ho n\u00e1zoru, kdy\u017e je n\u011b\u010deho moc, tak je toho p\u0159\u00edli\u0161. Proto\u017ee m\u00e1m kamar\u00e1dku, kter\u00e1 je veganka a vegetari\u00e1nka. Mysl\u00edm si, \u017ee na to by nebylo nic \u0161patn\u00e9ho, ale kdyby ona potom nesoudila sv\u00e9 kamar\u00e1dky taky kv\u016fli tomu, \u017ee oni jed\u00ed maso nebo pij\u00ed ml\u00e9ko. Na tom by taky je\u0161t\u011b nebylo tak nic pohor\u0161uj\u00edc\u00edho a divn\u00e9ho, i kdy\u017e m\u011b to vadilo, ale nejhor\u0161\u00ed na tom bylo, \u017ee kdy\u017e ot\u011bhotn\u011bla, tak ona v\u016fbec nekonzumovala maso, nejedla ml\u00e9\u010dn\u00e9 v\u00fdrobky. Opravdu hodn\u011b m\u011b to mrzelo, proto\u017ee podle m\u00e9ho n\u00e1zoru tohle t\u011bhotn\u00e9 \u017eeny jist\u011b pot\u0159ebuj\u00ed. A tak jsem si \u0159ekla, \u017ee j\u00ed s t\u00edm porad\u00edm. Jenom\u017ee ona se sv\u00e9ho \u017eivotn\u00edho stylu vegetari\u00e1nky a veganky necht\u011bla v\u016fbec zd\u00e1t, tak\u017ee v tom pokra\u010dovala i nad\u00e1le. A potom, kdy se j\u00ed narodilo d\u00edt\u011b a potom ji vyrostlo, tak mu v\u016fbec taky ned\u00e1vala ml\u00e9\u010dn\u00e9 v\u00fdrobky. A samoz\u0159ejm\u011b taky v\u016fbec nech\u00e1pu, jak by se d\u00edt\u011b mohlo b\u00fdt t\u0159eba vzd\u00e1t jogurtu anebo tvarohov\u00fdch v\u00fdrobk\u016f. A mysl\u00edm si, \u017ee kdy\u017e potom tomu d\u00edt\u011bti byly t\u0159eba \u010dty\u0159i roky, tak podle m\u00e9ho n\u00e1zoru mu \u00fapln\u011b chyb\u011blo t\u0159eba maso anebo masn\u00e9 v\u00fdrobky. Potom, kdy\u017e mi kamar\u00e1dka \u0159ekla, \u017ee j\u00ed to doktorka \u0159ekla, \u017ee by jej\u00ed d\u00edt\u011b m\u011blo taky j\u00edst maso a dal\u0161\u00ed v\u011bci, a ne jenom n\u011bjakou veganskou stravu, tak byla smutn\u00e1 a na\u0161tvan\u00e1, \u010demu\u017e rozum\u00edm. A ch\u00e1pu, \u017ee n\u011bkdo m\u00e1 takov\u00fd \u017eivotn\u00ed styl a vyzn\u00e1v\u00e1 ho, ale je logick\u00e9, \u017ee do toho p\u0159eci nem\u00e1 taky tahat ostatn\u00ed lidi A to hlavn\u011b ne mal\u00e9 d\u011bti, kter\u00e9 jsou ve v\u00fdvinu. A podle m\u00e9ho n\u00e1zoru m\u00e1 ka\u017ed\u00fd \u010dlov\u011bk si s\u00e1m za sebe se vybrat, jak\u00fdm \u017eivotn\u00edm stylem p\u016fjde, a ne aby mu \u010dlov\u011bk odeb\u00edral norm\u00e1ln\u00ed stravu, jako je t\u0159eba chutn\u00e9 maso. Abych se v\u00e1m p\u0159iznala, tak j\u00e1 jsem taky t\u0159i roky byla vegetari\u00e1n, ale v t\u011bhotenstv\u00ed jsme za\u010dala rad\u011bji j\u00edst v\u0161echno.\u00a0                                                                                                                                                                                                                                                                                                                                                                                        4.6\/5 - (8 votes)        "},{"@context":"https:\/\/schema.org\/","@type":"BreadcrumbList","itemListElement":[{"@type":"ListItem","position":1,"name":"Prima \u017eivot","item":"https:\/\/www.abnote.cz\/prima-zivot\/#breadcrumbitem"}]}]