[{"@context":"https:\/\/schema.org\/","@type":"Article","@id":"https:\/\/www.abnote.cz\/nakupte-si-u-nas-denne\/#Article","mainEntityOfPage":"https:\/\/www.abnote.cz\/nakupte-si-u-nas-denne\/","headline":"Nakupte si u n\u00e1s denn\u011b","name":"Nakupte si u n\u00e1s denn\u011b","description":"Jist\u011b zn\u00e1te z domova, mo\u017en\u00e1 i sami va\u0159\u00edte, \u010do\u010dku na kyselo. \u010co\u010dka v t\u00e9to \u00faprav\u011b se obvykle j\u00edd\u00e1 s vejci natvrdo, s volsk\u00fdmi oky, s uzen\u00fdm masem, okurkou, klob\u00e1sou. Podle moment\u00e1ln\u00ed chuti a n\u00e1lady m\u016f\u017eete vybrat jen n\u011bkterou z t\u011bchto p\u0159\u00edloh, m\u016f\u017eete v\u0161ak p\u0159idat i v\u0161echny. Je v\u0161ak \u0161koda svou","datePublished":"2025-03-07","dateModified":"2025-03-07","author":{"@type":"Person","@id":"https:\/\/www.abnote.cz\/author\/#Person","name":"","url":"https:\/\/www.abnote.cz\/author\/","identifier":1,"image":{"@type":"ImageObject","@id":"https:\/\/secure.gravatar.com\/avatar\/9d25b0af9840660883a67790aa4f595ddc226aa4680c4cf7bc03a25c14fcef85?s=96&d=mm&r=g","url":"https:\/\/secure.gravatar.com\/avatar\/9d25b0af9840660883a67790aa4f595ddc226aa4680c4cf7bc03a25c14fcef85?s=96&d=mm&r=g","height":96,"width":96}},"publisher":{"@type":"Organization","name":"abnote.cz","logo":{"@type":"ImageObject","@id":"\/logo.png","url":"\/logo.png","width":600,"height":60}},"url":"https:\/\/www.abnote.cz\/nakupte-si-u-nas-denne\/","wordCount":233,"articleBody":"Jist\u011b zn\u00e1te z domova, mo\u017en\u00e1 i sami va\u0159\u00edte, \u010do\u010dku na kyselo. \u010co\u010dka v t\u00e9to \u00faprav\u011b se obvykle j\u00edd\u00e1 s vejci natvrdo, s volsk\u00fdmi oky, s uzen\u00fdm masem, okurkou, klob\u00e1sou. Podle moment\u00e1ln\u00ed chuti a n\u00e1lady m\u016f\u017eete vybrat jen n\u011bkterou z t\u011bchto p\u0159\u00edloh, m\u016f\u017eete v\u0161ak p\u0159idat i v\u0161echny. Je v\u0161ak \u0161koda svou konzumaci lu\u0161t\u011bnin omezit na toto j\u00eddlo, kter\u00e9 se bohu\u017eel j\u00edd\u00e1 jednou za rok, nebo\u0165 u n\u00e1s si m\u016f\u017eete koupit lu\u0161t\u011bniny ka\u017ed\u00fd den, v \u0159ad\u011b prodejen nen\u00ed v\u00fdjimkou otv\u00edrac\u00ed doba a\u017e do p\u016flnoci. Let\u00e1k Kaufland V\u00e1m pohodln\u011b a\u017e do Va\u0161\u00ed po\u0161tovn\u00ed schr\u00e1nky p\u0159inese informace, kter\u00e1 prodejna je pro V\u00e1s ta nejv\u00fdhodn\u011bj\u0161\u00ed. M\u00e9n\u011b obvykl\u00e9 potraviny \u010cerven\u00e1 \u010do\u010dka je jen dal\u0161\u00edm druhem sv\u00e9 kolegyn\u011b, tradi\u010dn\u00ed \u010do\u010dky na\u0161ich dom\u00e1cnost\u00ed. \u010cerven\u00e1 \u010do\u010dka m\u00e1 oproti tradi\u010dn\u00ed \u010do\u010dce v\u00fdhodu rychl\u00e9 tepeln\u00e9 \u00fapravy, nav\u00edc je snadn\u011bji straviteln\u00e1, je tedy ide\u00e1ln\u00ed i pro mal\u00e9 d\u011bti. Let\u00e1kKaufland V\u00e1m nab\u00edz\u00ed i m\u00e9n\u011b obvykl\u00e9 potraviny, jako pr\u00e1v\u011b tuto \u010dervenou \u010do\u010dku nebo pita chl\u00e9b, kter\u00fd je ope\u010den\u00fd velmi dobr\u00fd jako p\u0159\u00edloha k vo\u0148av\u00e9mu pyr\u00e9 z \u010derven\u00e9 \u010do\u010dky.                                                                                                                                                                                                                                                                                                                                                                                                "},{"@context":"https:\/\/schema.org\/","@type":"BreadcrumbList","itemListElement":[{"@type":"ListItem","position":1,"name":"Nakupte si u n\u00e1s denn\u011b","item":"https:\/\/www.abnote.cz\/nakupte-si-u-nas-denne\/#breadcrumbitem"}]}]