[{"@context":"https:\/\/schema.org\/","@type":"Article","@id":"https:\/\/www.abnote.cz\/je-to-opravdu-neprijemne-obdobi-v-zivote-zeny\/#Article","mainEntityOfPage":"https:\/\/www.abnote.cz\/je-to-opravdu-neprijemne-obdobi-v-zivote-zeny\/","headline":"Je to opravdu nep\u0159\u00edjemn\u00e9 obdob\u00ed v \u017eivot\u011b \u017eeny","name":"Je to opravdu nep\u0159\u00edjemn\u00e9 obdob\u00ed v \u017eivot\u011b \u017eeny","description":"Je to opravdu nep\u0159\u00edjemn\u00e9 obdob\u00ed v \u017eivot\u011b \u017eeny. Za\u010d\u00edn\u00e1 nej\u010dast\u011bji kolem pades\u00e1tky a je ozna\u010dov\u00e1no jako klimakterium \u010di menopauza, ale zn\u00e1m\u00e9 je tak\u00e9 pod ozna\u010den\u00edm p\u0159echod. Je jedno, kter\u00fd z t\u011bch n\u00e1zv\u016f kdo pou\u017e\u00edv\u00e1, podstatn\u011bj\u0161\u00ed je, jak si kdo um\u00ed se zm\u011bnami ve sv\u00e9m t\u011ble poradit. Obdob\u00ed zvan\u00e9 klimakterium je","datePublished":"2025-04-24","dateModified":"2025-04-24","author":{"@type":"Person","@id":"https:\/\/www.abnote.cz\/author\/#Person","name":"","url":"https:\/\/www.abnote.cz\/author\/","identifier":1,"image":{"@type":"ImageObject","@id":"https:\/\/secure.gravatar.com\/avatar\/9d25b0af9840660883a67790aa4f595ddc226aa4680c4cf7bc03a25c14fcef85?s=96&d=mm&r=g","url":"https:\/\/secure.gravatar.com\/avatar\/9d25b0af9840660883a67790aa4f595ddc226aa4680c4cf7bc03a25c14fcef85?s=96&d=mm&r=g","height":96,"width":96}},"publisher":{"@type":"Organization","name":"abnote.cz","logo":{"@type":"ImageObject","@id":"\/logo.png","url":"\/logo.png","width":600,"height":60}},"url":"https:\/\/www.abnote.cz\/je-to-opravdu-neprijemne-obdobi-v-zivote-zeny\/","wordCount":171,"articleBody":"Je to opravdu nep\u0159\u00edjemn\u00e9 obdob\u00ed v \u017eivot\u011b \u017eeny. Za\u010d\u00edn\u00e1 nej\u010dast\u011bji kolem pades\u00e1tky a je ozna\u010dov\u00e1no jako klimakterium \u010di menopauza, ale zn\u00e1m\u00e9 je tak\u00e9 pod ozna\u010den\u00edm p\u0159echod. Je jedno, kter\u00fd z t\u011bch n\u00e1zv\u016f kdo pou\u017e\u00edv\u00e1, podstatn\u011bj\u0161\u00ed je, jak si kdo um\u00ed se zm\u011bnami ve sv\u00e9m t\u011ble poradit. Obdob\u00ed zvan\u00e9 klimakterium je spojen\u00e9 s \u00fatlumem \u010dinnosti vaje\u010dn\u00edk\u016f a s poklesem produkce estrogenu. D\u016fsledkem toho jsou velk\u00e9 zm\u011bny v \u017eensk\u00e9m t\u011ble, kter\u00e9 maj\u00ed nejr\u016fzn\u011bj\u0161\u00ed p\u0159\u00edznaky a ovliv\u0148uj\u00ed rovn\u011b\u017e i psychiku. Ka\u017ed\u00e1 \u017eena pro\u017e\u00edv\u00e1 toto obdob\u00ed r\u016fzn\u011b intenzivn\u011b, ale ka\u017ed\u00e1 m\u016f\u017ee svoje zdravotn\u00ed probl\u00e9my snadno \u0159e\u0161it. Kdo se chce zbavit v\u0161ech doprovodn\u00fdch jev\u016f, se kter\u00fdmi je klimakterium spojen\u00e9, m\u016f\u017ee se naprosto bez obav obr\u00e1tit na mo\u017enosti, je\u017e nab\u00edz\u00ed alternativn\u00ed medic\u00edna. Skv\u011bl\u00fdm pomocn\u00edkem je \u010dist\u011b p\u0159\u00edrodn\u00ed prost\u0159edek Menox 45.                                                                                                                                                                                                                                                                                                                                                                                                "},{"@context":"https:\/\/schema.org\/","@type":"BreadcrumbList","itemListElement":[{"@type":"ListItem","position":1,"name":"Je to opravdu nep\u0159\u00edjemn\u00e9 obdob\u00ed v \u017eivot\u011b \u017eeny","item":"https:\/\/www.abnote.cz\/je-to-opravdu-neprijemne-obdobi-v-zivote-zeny\/#breadcrumbitem"}]}]