[{"@context":"https:\/\/schema.org\/","@type":"Article","@id":"https:\/\/www.abnote.cz\/jake-jidlo-se-ji-na-vanoce-napric-svetem\/#Article","mainEntityOfPage":"https:\/\/www.abnote.cz\/jake-jidlo-se-ji-na-vanoce-napric-svetem\/","headline":"Jak\u00e9 j\u00eddlo se j\u00ed na V\u00e1noce nap\u0159\u00ed\u010d sv\u011btem?","name":"Jak\u00e9 j\u00eddlo se j\u00ed na V\u00e1noce nap\u0159\u00ed\u010d sv\u011btem?","description":"Ne ve v\u0161ech zem\u00edch se slav\u00ed V\u00e1noce. Pokud v zemi nep\u0159eva\u017euje k\u0159es\u0165ansk\u00e9 n\u00e1bo\u017eenstv\u00ed, a naopak v\u011bt\u0161inu spole\u010dnosti tvo\u0159\u00ed t\u0159eba budhist\u00e9 nebo hinduisti, V\u00e1noce slav\u00ed pouze men\u0161ina obyvatel. St\u00e1le se ale V\u00e1noce slav\u00ed ve v\u011bt\u0161in\u011b zem\u00edch sv\u011bta. Ka\u017ed\u00e1 m\u00e1 sv\u00e9 tradice a zvyky. A s t\u00edm se poj\u00ed i r\u016fzn\u00e1 j\u00eddla,","datePublished":"2022-04-27","dateModified":"2022-04-27","author":{"@type":"Person","@id":"https:\/\/www.abnote.cz\/author\/#Person","name":"","url":"https:\/\/www.abnote.cz\/author\/","identifier":1,"image":{"@type":"ImageObject","@id":"https:\/\/secure.gravatar.com\/avatar\/9d25b0af9840660883a67790aa4f595ddc226aa4680c4cf7bc03a25c14fcef85?s=96&d=mm&r=g","url":"https:\/\/secure.gravatar.com\/avatar\/9d25b0af9840660883a67790aa4f595ddc226aa4680c4cf7bc03a25c14fcef85?s=96&d=mm&r=g","height":96,"width":96}},"publisher":{"@type":"Organization","name":"abnote.cz","logo":{"@type":"ImageObject","@id":"\/logo.png","url":"\/logo.png","width":600,"height":60}},"image":{"@type":"ImageObject","@id":"https:\/\/www.abnote.cz\/wp-content\/uploads\/pexels-frans-van-heerden-730189.jpg","url":"https:\/\/www.abnote.cz\/wp-content\/uploads\/pexels-frans-van-heerden-730189.jpg","height":0,"width":0},"url":"https:\/\/www.abnote.cz\/jake-jidlo-se-ji-na-vanoce-napric-svetem\/","about":["Spole\u010dnost"],"wordCount":467,"articleBody":"Ne ve v\u0161ech zem\u00edch se slav\u00ed V\u00e1noce. Pokud v zemi nep\u0159eva\u017euje k\u0159es\u0165ansk\u00e9 n\u00e1bo\u017eenstv\u00ed, a naopak v\u011bt\u0161inu spole\u010dnosti tvo\u0159\u00ed t\u0159eba budhist\u00e9 nebo hinduisti, V\u00e1noce slav\u00ed pouze men\u0161ina obyvatel. St\u00e1le se ale V\u00e1noce slav\u00ed ve v\u011bt\u0161in\u011b zem\u00edch sv\u011bta. Ka\u017ed\u00e1 m\u00e1 sv\u00e9 tradice a zvyky. A s t\u00edm se poj\u00ed i r\u016fzn\u00e1 j\u00eddla, kter\u00fdmi tento den oslavuj\u00ed.Pod\u00edvejme se na n\u011bkter\u00e1 zaj\u00edmav\u00e1 \u0161t\u011bdrove\u010dern\u00ed j\u00eddla.NorskoV Norsku p\u0159ed V\u00e1noci a b\u011bhem V\u00e1noc konzumuj\u00ed vybranou pochoutku s n\u00e1zvem Smalahove. Jedn\u00e1 se vlastn\u011b o ov\u010d\u00ed hlavu, kter\u00e1 se nalo\u017e\u00ed v soli a pot\u00e9 se nech\u00e1 vysu\u0161it. N\u00e1sledn\u011b se cel\u00e1 uva\u0159\u00ed, naporcuje a je serv\u00edrov\u00e1na pov\u011bt\u0161inou s \u0161\u0165ouchan\u00fdmi bramborami.JaponskoJeliko\u017e je Japonsko p\u0159edev\u0161\u00edm budhistick\u00e1 zem\u011b, V\u00e1noce se zde tradi\u010dn\u011b neslav\u00ed. Ov\u0161em v posledn\u00edch letech p\u0159edev\u0161\u00edm mlad\u0161\u00ed generace za\u010d\u00ednaj\u00ed tento zvyk poru\u0161ovat. Dokonce u\u017e sem tam najdete v Japonsku v\u00e1no\u010dn\u00ed trhy. Na V\u00e1noce Japonci konzumuj\u00ed pro n\u00e1s neobvykl\u00e9 j\u00eddlo, a to je ku\u0159e z KFC. Pro n\u011b toti\u017e p\u0159edstavuje slavnostn\u00ed j\u00eddlo. K tomu n\u00e1le\u017e\u00ed \u0161umiv\u00e9 v\u00edno a jako dezert typick\u00fd, nad\u00fdchan\u00fd japonsk\u00fd dort s kr\u00e9mem a ovocem.ArgentinaV Argentin\u011b o V\u00e1noc\u00edch konzumuj\u00ed j\u00eddlo s n\u00e1zvem Vitel ton\u00e9. To se skl\u00e1d\u00e1 z telec\u00edho masa, kter\u00e9 je uva\u0159en\u00e9 a pot\u00e9 kr\u00e1jen\u00e9 na tenk\u00e9 po pl\u00e1tky. Maso se pot\u00e9 dochut\u00ed italsk\u00fdmi bylinkami. Pod\u00e1v\u00e1 se s kr\u00e9movou om\u00e1\u010dkou z an\u010dovi\u010dek a tu\u0148\u00e1ka.Braz\u00edlieBrazilsk\u00e9 v\u00e1no\u010dn\u00ed j\u00eddlo se naz\u00fdv\u00e1 Bacalhau. Jedn\u00e1 se o ryb\u00ed j\u00eddlo, kter\u00e9 se typicky p\u0159ipravuje ze solen\u00e9 tresky. P\u0159es noc se nech\u00e1 m\u00e1\u010det, aby se zbavila soli. Pot\u00e9 je ochucena r\u016fzn\u00fdm ko\u0159en\u00edm. Ryb\u00ed maso se vytvaruje do kuli\u010dek a ty se pot\u00e9 sna\u017e\u00ed, dokud nedostanou k\u0159upav\u00fd obal.PeruV\u00a0Peru je symbolem \u0161t\u011bdrove\u010dern\u00ed ve\u010de\u0159e krocan. Ten se nad\u00edv\u00e1 nejr\u016fzn\u011bj\u0161\u00edm ovocem a pot\u00e9 se ope\u010de do k\u0159upava. V\u00a0Peru je velmi obl\u00edben\u00e1 kombinace masa a ovoce, i ke krocanu se pod\u00e1v\u00e1 om\u00e1\u010dka z\u00a0jabl\u00ed\u010dek. P\u0159\u00edlohou jsou tamales, kter\u00e9 se vyr\u00e1b\u00ed z\u00a0kuku\u0159i\u010dn\u00e9 mouky a tvaruje se do podoby bal\u00ed\u010dk\u016f tvo\u0159en\u00fdch z\u00a0list\u016f. Ty se v\u00a0Peru pro tuto p\u0159\u00edle\u017eitost pln\u00ed r\u016fznou zeleninou \u010di mlet\u00fdm masem. Typick\u00fdm dezertem je pak mandlov\u00fd marcip\u00e1n v\u00a0nejr\u016fzn\u011bj\u0161\u00edch podob\u00e1ch.                                                                                                                                                                                                                                                                                                                                                                                        4\/5 - (2 votes)        "},{"@context":"https:\/\/schema.org\/","@type":"BreadcrumbList","itemListElement":[{"@type":"ListItem","position":1,"name":"Jak\u00e9 j\u00eddlo se j\u00ed na V\u00e1noce nap\u0159\u00ed\u010d sv\u011btem?","item":"https:\/\/www.abnote.cz\/jake-jidlo-se-ji-na-vanoce-napric-svetem\/#breadcrumbitem"}]}]